{"id":548,"date":"2017-01-03T20:48:39","date_gmt":"2017-01-03T19:48:39","guid":{"rendered":"http:\/\/www.heidi-muehlenberg.de\/?p=548"},"modified":"2017-01-04T19:34:46","modified_gmt":"2017-01-04T18:34:46","slug":"schneeweisschen-und-der-baerenhaeuter-aus-thueringen","status":"publish","type":"post","link":"https:\/\/www.heidi-muehlenberg.de\/?p=548","title":{"rendered":"Schneewei\u00dfchen und der B\u00e4renh\u00e4uter"},"content":{"rendered":"<p>Es war irgendwann um die Weihnachtszeit. Beim Schm\u00f6kern in einem uralten Sagenbuch stie\u00df ich pl\u00f6tzlich auf eine merkw\u00fcrdige Geschichte, die h\u00fcbsch und mit viel Phantasie geschrieben war. In der Kleinstadt Eisenberg, die ich bis dahin nur als Name einer Ausfahrt von der Autobahn A9 kannte, sollte irgendwann am Ausgang des Mittelalters ein B\u00e4renh\u00e4uter gehaust haben. Und nicht nur das. Von ihm wurden Sonderbares berichtet. Er h\u00e4tte als erster Th\u00fcringer eine chinesische Papierlaterne aus Asien nach Th\u00fcringen mitgebracht. Und hier zum ersten Mal die Kinder seiner Stadt in einen Laternenumzug an einem kalten Adventsabend durch das mittelalterlich-dunkle Zentrum um den Alten Markt gef\u00fchrt. Konnte das wahr sein? \u00a0Unsere Recherche f\u00fchrte uns bis nach China, nat\u00fcrlich nur auf digitalen Streifz\u00fcgen, und in Gotha entdeckten wir schlie\u00dflich im alten Residenzschloss des Herzogs die erstaunlichen wahren Hintergr\u00fcnde dieser abenteuerlichen Sage. Doch an dieser Stelle sei noch nichts verraten.<\/p>\n<p>Sicher gibt es wichtigere Themen als die Verbreitung der Papierlaterne, dennoch war unser Interesse geweckt, hatten doch auch die Br\u00fcder Grimm aus diesem Stoff ein wundersch\u00f6nes M\u00e4rchen geschrieben und in ihre Sammlung der Haus- und K\u00fcchenm\u00e4rchen aufgenommen. Was f\u00fcr eine wundersch\u00f6ne Sendung aus der Idee geworden ist, k\u00f6nnen Sie selbst anschauen beim Klicken auf den nebenstehenden Link.<\/p>\n\n\t\t<style type=\"text\/css\">\n\t\t\t#gallery-1 {\n\t\t\t\tmargin: auto;\n\t\t\t}\n\t\t\t#gallery-1 .gallery-item {\n\t\t\t\tfloat: left;\n\t\t\t\tmargin-top: 10px;\n\t\t\t\ttext-align: center;\n\t\t\t\twidth: 50%;\n\t\t\t}\n\t\t\t#gallery-1 img {\n\t\t\t\tborder: 2px solid #cfcfcf;\n\t\t\t}\n\t\t\t#gallery-1 .gallery-caption {\n\t\t\t\tmargin-left: 0;\n\t\t\t}\n\t\t\t\/* see gallery_shortcode() in wp-includes\/media.php *\/\n\t\t<\/style>\n\t\t<div id='gallery-1' class='gallery galleryid-548 gallery-columns-2 gallery-size-large'><dl class='gallery-item'>\n\t\t\t<dt class='gallery-icon landscape'>\n\t\t\t\t<a href='https:\/\/www.heidi-muehlenberg.de\/?attachment_id=551'><img loading=\"lazy\" decoding=\"async\" width=\"640\" height=\"480\" src=\"https:\/\/www.heidi-muehlenberg.de\/wp-content\/uploads\/2017\/01\/DSC05076-1024x768.jpg\" class=\"attachment-large size-large\" alt=\"\" aria-describedby=\"gallery-1-551\" srcset=\"https:\/\/www.heidi-muehlenberg.de\/wp-content\/uploads\/2017\/01\/DSC05076-1024x768.jpg 1024w, https:\/\/www.heidi-muehlenberg.de\/wp-content\/uploads\/2017\/01\/DSC05076-300x225.jpg 300w, https:\/\/www.heidi-muehlenberg.de\/wp-content\/uploads\/2017\/01\/DSC05076-768x576.jpg 768w, https:\/\/www.heidi-muehlenberg.de\/wp-content\/uploads\/2017\/01\/DSC05076-1600x1200.jpg 1600w, https:\/\/www.heidi-muehlenberg.de\/wp-content\/uploads\/2017\/01\/DSC05076-720x540.jpg 720w, https:\/\/www.heidi-muehlenberg.de\/wp-content\/uploads\/2017\/01\/DSC05076.jpg 2048w\" sizes=\"(max-width: 640px) 100vw, 640px\" \/><\/a>\n\t\t\t<\/dt>\n\t\t\t\t<dd class='wp-caption-text gallery-caption' id='gallery-1-551'>\n\t\t\t\tJanine Strahl-Oesterreich vor der Schlo\u00dfkirche von Eisenberg.\n\t\t\t\t<\/dd><\/dl><dl class='gallery-item'>\n\t\t\t<dt class='gallery-icon landscape'>\n\t\t\t\t<a href='https:\/\/www.heidi-muehlenberg.de\/?attachment_id=549'><img loading=\"lazy\" decoding=\"async\" width=\"640\" height=\"480\" src=\"https:\/\/www.heidi-muehlenberg.de\/wp-content\/uploads\/2017\/01\/DSC05170-1024x768.jpg\" class=\"attachment-large size-large\" alt=\"\" aria-describedby=\"gallery-1-549\" srcset=\"https:\/\/www.heidi-muehlenberg.de\/wp-content\/uploads\/2017\/01\/DSC05170-1024x768.jpg 1024w, https:\/\/www.heidi-muehlenberg.de\/wp-content\/uploads\/2017\/01\/DSC05170-300x225.jpg 300w, https:\/\/www.heidi-muehlenberg.de\/wp-content\/uploads\/2017\/01\/DSC05170-768x576.jpg 768w, https:\/\/www.heidi-muehlenberg.de\/wp-content\/uploads\/2017\/01\/DSC05170-1600x1200.jpg 1600w, https:\/\/www.heidi-muehlenberg.de\/wp-content\/uploads\/2017\/01\/DSC05170-720x540.jpg 720w, https:\/\/www.heidi-muehlenberg.de\/wp-content\/uploads\/2017\/01\/DSC05170.jpg 2048w\" sizes=\"(max-width: 640px) 100vw, 640px\" \/><\/a>\n\t\t\t<\/dt>\n\t\t\t\t<dd class='wp-caption-text gallery-caption' id='gallery-1-549'>\n\t\t\t\tJanine Strahl-Oesterreich mit altem Manuskript in Schloss Friedenstein, wo wir das R\u00e4tsel um den B\u00e4renh\u00e4uter schlie\u00dflich l\u00fcften konnten. \n\t\t\t\t<\/dd><\/dl><br style=\"clear: both\" \/><dl class='gallery-item'>\n\t\t\t<dt class='gallery-icon landscape'>\n\t\t\t\t<a href='https:\/\/www.heidi-muehlenberg.de\/?attachment_id=535'><img loading=\"lazy\" decoding=\"async\" width=\"640\" height=\"480\" src=\"https:\/\/www.heidi-muehlenberg.de\/wp-content\/uploads\/2017\/01\/DSC05100-1024x768.jpg\" class=\"attachment-large size-large\" alt=\"\" aria-describedby=\"gallery-1-535\" srcset=\"https:\/\/www.heidi-muehlenberg.de\/wp-content\/uploads\/2017\/01\/DSC05100-1024x768.jpg 1024w, https:\/\/www.heidi-muehlenberg.de\/wp-content\/uploads\/2017\/01\/DSC05100-300x225.jpg 300w, https:\/\/www.heidi-muehlenberg.de\/wp-content\/uploads\/2017\/01\/DSC05100-768x576.jpg 768w, https:\/\/www.heidi-muehlenberg.de\/wp-content\/uploads\/2017\/01\/DSC05100-1600x1200.jpg 1600w, https:\/\/www.heidi-muehlenberg.de\/wp-content\/uploads\/2017\/01\/DSC05100-720x540.jpg 720w, https:\/\/www.heidi-muehlenberg.de\/wp-content\/uploads\/2017\/01\/DSC05100.jpg 2048w\" sizes=\"(max-width: 640px) 100vw, 640px\" \/><\/a>\n\t\t\t<\/dt>\n\t\t\t\t<dd class='wp-caption-text gallery-caption' id='gallery-1-535'>\n\t\t\t\tJanine Strahl-Oesterreich und Stefanie Sch\u00e4ller beim Schnitzen der R\u00fcbengeister\n\t\t\t\t<\/dd><\/dl><dl class='gallery-item'>\n\t\t\t<dt class='gallery-icon landscape'>\n\t\t\t\t<a href='https:\/\/www.heidi-muehlenberg.de\/?attachment_id=536'><img loading=\"lazy\" decoding=\"async\" width=\"640\" height=\"480\" src=\"https:\/\/www.heidi-muehlenberg.de\/wp-content\/uploads\/2017\/01\/DSC05105-1024x768.jpg\" class=\"attachment-large size-large\" alt=\"\" aria-describedby=\"gallery-1-536\" srcset=\"https:\/\/www.heidi-muehlenberg.de\/wp-content\/uploads\/2017\/01\/DSC05105-1024x768.jpg 1024w, https:\/\/www.heidi-muehlenberg.de\/wp-content\/uploads\/2017\/01\/DSC05105-300x225.jpg 300w, https:\/\/www.heidi-muehlenberg.de\/wp-content\/uploads\/2017\/01\/DSC05105-768x576.jpg 768w, https:\/\/www.heidi-muehlenberg.de\/wp-content\/uploads\/2017\/01\/DSC05105-1600x1200.jpg 1600w, https:\/\/www.heidi-muehlenberg.de\/wp-content\/uploads\/2017\/01\/DSC05105-720x540.jpg 720w, https:\/\/www.heidi-muehlenberg.de\/wp-content\/uploads\/2017\/01\/DSC05105.jpg 2048w\" sizes=\"(max-width: 640px) 100vw, 640px\" \/><\/a>\n\t\t\t<\/dt>\n\t\t\t\t<dd class='wp-caption-text gallery-caption' id='gallery-1-536'>\n\t\t\t\tR\u00fcbengeister in vollster Pracht\n\t\t\t\t<\/dd><\/dl><br style=\"clear: both\" \/><dl class='gallery-item'>\n\t\t\t<dt class='gallery-icon portrait'>\n\t\t\t\t<a href='https:\/\/www.heidi-muehlenberg.de\/?attachment_id=556'><img loading=\"lazy\" decoding=\"async\" width=\"640\" height=\"853\" src=\"https:\/\/www.heidi-muehlenberg.de\/wp-content\/uploads\/2017\/01\/DSC05173-1-e1483466901911-768x1024.jpg\" class=\"attachment-large size-large\" alt=\"\" aria-describedby=\"gallery-1-556\" srcset=\"https:\/\/www.heidi-muehlenberg.de\/wp-content\/uploads\/2017\/01\/DSC05173-1-e1483466901911-768x1024.jpg 768w, https:\/\/www.heidi-muehlenberg.de\/wp-content\/uploads\/2017\/01\/DSC05173-1-e1483466901911-225x300.jpg 225w, https:\/\/www.heidi-muehlenberg.de\/wp-content\/uploads\/2017\/01\/DSC05173-1-e1483466901911-1350x1800.jpg 1350w, https:\/\/www.heidi-muehlenberg.de\/wp-content\/uploads\/2017\/01\/DSC05173-1-e1483466901911-900x1200.jpg 900w, https:\/\/www.heidi-muehlenberg.de\/wp-content\/uploads\/2017\/01\/DSC05173-1-e1483466901911-540x720.jpg 540w, https:\/\/www.heidi-muehlenberg.de\/wp-content\/uploads\/2017\/01\/DSC05173-1-e1483466901911.jpg 1536w\" sizes=\"(max-width: 640px) 100vw, 640px\" \/><\/a>\n\t\t\t<\/dt>\n\t\t\t\t<dd class='wp-caption-text gallery-caption' id='gallery-1-556'>\n\t\t\t\tIm Wettiner Reich (also ann\u00e4hernd das heutige Mitteldeutschland) wurden im 17. Jahrhundert mehr als 300 wilde Braunb\u00e4ren erlegt, erfuhren wir von Regionalhistoriker J\u00f6rg Petermann\n\t\t\t\t<\/dd><\/dl>\n\t\t\t<br style='clear: both' \/>\n\t\t<\/div>\n\n<p style=\"text-align: right;\"><em>Aufnahmen: Andreas Helgenberger<\/em><\/p>\n<p>&nbsp;<\/p>\n<p>Ich m\u00f6chte sehr herzlich unserem Team danken, allen voran unserer wunderbaren Moderatorin Janine Strahl-Oesterreich, MDR-Redakteur Titus Richter, Kameramann Jens Kleinert, Tonassistent Sandro Sauer, dem \u201eZauberer\u201c Cutter Henrik Fehse und den engagierten Produzenten Gesine und Andreas Helgenberger sowie unserer Maskenbildnerin Ina Grahl. Schon am Karfreitag 2017 wird es eine neue Folge der MDR-Sendereihe geben, diesmal \u00fcber den st\u00e4rksten Mann der Welt Milo Barus aus dem th\u00fcringischen Wei\u00dfenborn bzw. Stadtroda.<\/p>\n","protected":false},"excerpt":{"rendered":"<p>Es war irgendwann um die Weihnachtszeit. Beim Schm\u00f6kern in einem uralten Sagenbuch stie\u00df ich pl\u00f6tzlich auf eine merkw\u00fcrdige Geschichte, die h\u00fcbsch und mit viel Phantasie geschrieben war. In der Kleinstadt Eisenberg, die ich bis dahin nur als Name einer Ausfahrt von der Autobahn A9 kannte, sollte irgendwann am Ausgang des Mittelalters ein B\u00e4renh\u00e4uter gehaust, <a class=\"read-more\" href=\"https:\/\/www.heidi-muehlenberg.de\/?p=548\">Read More<\/a><\/p>\n","protected":false},"author":1,"featured_media":561,"comment_status":"open","ping_status":"open","sticky":false,"template":"","format":"standard","meta":{"footnotes":""},"categories":[8,4,25],"tags":[76,16,15],"class_list":["post-548","post","type-post","status-publish","format-standard","has-post-thumbnail","hentry","category-aktuelles","category-fernsehen","category-mythen-und-legenden","tag-baerenhaeuter","tag-mythen-und-legenden","tag-raetsel"],"_links":{"self":[{"href":"https:\/\/www.heidi-muehlenberg.de\/index.php?rest_route=\/wp\/v2\/posts\/548"}],"collection":[{"href":"https:\/\/www.heidi-muehlenberg.de\/index.php?rest_route=\/wp\/v2\/posts"}],"about":[{"href":"https:\/\/www.heidi-muehlenberg.de\/index.php?rest_route=\/wp\/v2\/types\/post"}],"author":[{"embeddable":true,"href":"https:\/\/www.heidi-muehlenberg.de\/index.php?rest_route=\/wp\/v2\/users\/1"}],"replies":[{"embeddable":true,"href":"https:\/\/www.heidi-muehlenberg.de\/index.php?rest_route=%2Fwp%2Fv2%2Fcomments&post=548"}],"version-history":[{"count":8,"href":"https:\/\/www.heidi-muehlenberg.de\/index.php?rest_route=\/wp\/v2\/posts\/548\/revisions"}],"predecessor-version":[{"id":605,"href":"https:\/\/www.heidi-muehlenberg.de\/index.php?rest_route=\/wp\/v2\/posts\/548\/revisions\/605"}],"wp:featuredmedia":[{"embeddable":true,"href":"https:\/\/www.heidi-muehlenberg.de\/index.php?rest_route=\/wp\/v2\/media\/561"}],"wp:attachment":[{"href":"https:\/\/www.heidi-muehlenberg.de\/index.php?rest_route=%2Fwp%2Fv2%2Fmedia&parent=548"}],"wp:term":[{"taxonomy":"category","embeddable":true,"href":"https:\/\/www.heidi-muehlenberg.de\/index.php?rest_route=%2Fwp%2Fv2%2Fcategories&post=548"},{"taxonomy":"post_tag","embeddable":true,"href":"https:\/\/www.heidi-muehlenberg.de\/index.php?rest_route=%2Fwp%2Fv2%2Ftags&post=548"}],"curies":[{"name":"wp","href":"https:\/\/api.w.org\/{rel}","templated":true}]}}