{"id":539,"date":"2017-01-03T18:34:46","date_gmt":"2017-01-03T17:34:46","guid":{"rendered":"http:\/\/www.heidi-muehlenberg.de\/?p=539"},"modified":"2017-01-04T19:36:17","modified_gmt":"2017-01-04T18:36:17","slug":"historische-douro-schiffe","status":"publish","type":"post","link":"https:\/\/www.heidi-muehlenberg.de\/?p=539","title":{"rendered":"Historische Douro-Schiffe"},"content":{"rendered":"<p>Mit diesen historischen Schiffen, den &#8222;barcos rabelos&#8220;, wurde der Portwein auf dem portugiesischen Fluss Douro von den flussaufw\u00e4rts gelegenen Weinbergen bis in die K\u00fcstenstadt Porto transportiert, wo er in den Weinkellern reifte, um sp\u00e4ter in alle Welt verschifft zu werden.<\/p>\n\n\t\t<style type=\"text\/css\">\n\t\t\t#gallery-1 {\n\t\t\t\tmargin: auto;\n\t\t\t}\n\t\t\t#gallery-1 .gallery-item {\n\t\t\t\tfloat: left;\n\t\t\t\tmargin-top: 10px;\n\t\t\t\ttext-align: center;\n\t\t\t\twidth: 50%;\n\t\t\t}\n\t\t\t#gallery-1 img {\n\t\t\t\tborder: 2px solid #cfcfcf;\n\t\t\t}\n\t\t\t#gallery-1 .gallery-caption {\n\t\t\t\tmargin-left: 0;\n\t\t\t}\n\t\t\t\/* see gallery_shortcode() in wp-includes\/media.php *\/\n\t\t<\/style>\n\t\t<div id='gallery-1' class='gallery galleryid-539 gallery-columns-2 gallery-size-large'><dl class='gallery-item'>\n\t\t\t<dt class='gallery-icon landscape'>\n\t\t\t\t<a href='https:\/\/www.heidi-muehlenberg.de\/?attachment_id=541'><img loading=\"lazy\" decoding=\"async\" width=\"640\" height=\"480\" src=\"https:\/\/www.heidi-muehlenberg.de\/wp-content\/uploads\/2017\/01\/Portugal-1030984-1024x768.jpg\" class=\"attachment-large size-large\" alt=\"\" aria-describedby=\"gallery-1-541\" srcset=\"https:\/\/www.heidi-muehlenberg.de\/wp-content\/uploads\/2017\/01\/Portugal-1030984-1024x768.jpg 1024w, https:\/\/www.heidi-muehlenberg.de\/wp-content\/uploads\/2017\/01\/Portugal-1030984-300x225.jpg 300w, https:\/\/www.heidi-muehlenberg.de\/wp-content\/uploads\/2017\/01\/Portugal-1030984-768x576.jpg 768w, https:\/\/www.heidi-muehlenberg.de\/wp-content\/uploads\/2017\/01\/Portugal-1030984-1600x1200.jpg 1600w, https:\/\/www.heidi-muehlenberg.de\/wp-content\/uploads\/2017\/01\/Portugal-1030984-720x540.jpg 720w, https:\/\/www.heidi-muehlenberg.de\/wp-content\/uploads\/2017\/01\/Portugal-1030984.jpg 2048w\" sizes=\"(max-width: 640px) 100vw, 640px\" \/><\/a>\n\t\t\t<\/dt>\n\t\t\t\t<dd class='wp-caption-text gallery-caption' id='gallery-1-541'>\n\t\t\t\tPortwein am Weinberg\n\t\t\t\t<\/dd><\/dl><dl class='gallery-item'>\n\t\t\t<dt class='gallery-icon landscape'>\n\t\t\t\t<a href='https:\/\/www.heidi-muehlenberg.de\/?attachment_id=542'><img loading=\"lazy\" decoding=\"async\" width=\"640\" height=\"480\" src=\"https:\/\/www.heidi-muehlenberg.de\/wp-content\/uploads\/2017\/01\/Portugal-1040448-1024x768.jpg\" class=\"attachment-large size-large\" alt=\"\" aria-describedby=\"gallery-1-542\" srcset=\"https:\/\/www.heidi-muehlenberg.de\/wp-content\/uploads\/2017\/01\/Portugal-1040448-1024x768.jpg 1024w, https:\/\/www.heidi-muehlenberg.de\/wp-content\/uploads\/2017\/01\/Portugal-1040448-300x225.jpg 300w, https:\/\/www.heidi-muehlenberg.de\/wp-content\/uploads\/2017\/01\/Portugal-1040448-768x576.jpg 768w, https:\/\/www.heidi-muehlenberg.de\/wp-content\/uploads\/2017\/01\/Portugal-1040448-1600x1200.jpg 1600w, https:\/\/www.heidi-muehlenberg.de\/wp-content\/uploads\/2017\/01\/Portugal-1040448-720x540.jpg 720w, https:\/\/www.heidi-muehlenberg.de\/wp-content\/uploads\/2017\/01\/Portugal-1040448.jpg 2048w\" sizes=\"(max-width: 640px) 100vw, 640px\" \/><\/a>\n\t\t\t<\/dt>\n\t\t\t\t<dd class='wp-caption-text gallery-caption' id='gallery-1-542'>\n\t\t\t\tDer Fluss Douro\n\t\t\t\t<\/dd><\/dl><br style=\"clear: both\" \/><dl class='gallery-item'>\n\t\t\t<dt class='gallery-icon landscape'>\n\t\t\t\t<a href='https:\/\/www.heidi-muehlenberg.de\/?attachment_id=545'><img loading=\"lazy\" decoding=\"async\" width=\"640\" height=\"480\" src=\"https:\/\/www.heidi-muehlenberg.de\/wp-content\/uploads\/2017\/01\/Portugal-1040389-1024x768.jpg\" class=\"attachment-large size-large\" alt=\"\" aria-describedby=\"gallery-1-545\" srcset=\"https:\/\/www.heidi-muehlenberg.de\/wp-content\/uploads\/2017\/01\/Portugal-1040389-1024x768.jpg 1024w, https:\/\/www.heidi-muehlenberg.de\/wp-content\/uploads\/2017\/01\/Portugal-1040389-300x225.jpg 300w, https:\/\/www.heidi-muehlenberg.de\/wp-content\/uploads\/2017\/01\/Portugal-1040389-768x576.jpg 768w, https:\/\/www.heidi-muehlenberg.de\/wp-content\/uploads\/2017\/01\/Portugal-1040389-1600x1200.jpg 1600w, https:\/\/www.heidi-muehlenberg.de\/wp-content\/uploads\/2017\/01\/Portugal-1040389-720x540.jpg 720w, https:\/\/www.heidi-muehlenberg.de\/wp-content\/uploads\/2017\/01\/Portugal-1040389.jpg 2048w\" sizes=\"(max-width: 640px) 100vw, 640px\" \/><\/a>\n\t\t\t<\/dt>\n\t\t\t\t<dd class='wp-caption-text gallery-caption' id='gallery-1-545'>\n\t\t\t\tErkundung des Douro per Paddel im Herbst 2016\n\t\t\t\t<\/dd><\/dl><dl class='gallery-item'>\n\t\t\t<dt class='gallery-icon landscape'>\n\t\t\t\t<a href='https:\/\/www.heidi-muehlenberg.de\/?attachment_id=540'><img loading=\"lazy\" decoding=\"async\" width=\"640\" height=\"480\" src=\"https:\/\/www.heidi-muehlenberg.de\/wp-content\/uploads\/2017\/01\/Portugal-1050017-1024x768.jpg\" class=\"attachment-large size-large\" alt=\"\" aria-describedby=\"gallery-1-540\" srcset=\"https:\/\/www.heidi-muehlenberg.de\/wp-content\/uploads\/2017\/01\/Portugal-1050017-1024x768.jpg 1024w, https:\/\/www.heidi-muehlenberg.de\/wp-content\/uploads\/2017\/01\/Portugal-1050017-300x225.jpg 300w, https:\/\/www.heidi-muehlenberg.de\/wp-content\/uploads\/2017\/01\/Portugal-1050017-768x576.jpg 768w, https:\/\/www.heidi-muehlenberg.de\/wp-content\/uploads\/2017\/01\/Portugal-1050017-1600x1200.jpg 1600w, https:\/\/www.heidi-muehlenberg.de\/wp-content\/uploads\/2017\/01\/Portugal-1050017-720x540.jpg 720w, https:\/\/www.heidi-muehlenberg.de\/wp-content\/uploads\/2017\/01\/Portugal-1050017.jpg 2048w\" sizes=\"(max-width: 640px) 100vw, 640px\" \/><\/a>\n\t\t\t<\/dt>\n\t\t\t\t<dd class='wp-caption-text gallery-caption' id='gallery-1-540'>\n\t\t\t\tHistorische Portweinschiffe\n\t\t\t\t<\/dd><\/dl><br style=\"clear: both\" \/><dl class='gallery-item'>\n\t\t\t<dt class='gallery-icon landscape'>\n\t\t\t\t<a href='https:\/\/www.heidi-muehlenberg.de\/?attachment_id=543'><img loading=\"lazy\" decoding=\"async\" width=\"640\" height=\"480\" src=\"https:\/\/www.heidi-muehlenberg.de\/wp-content\/uploads\/2017\/01\/Portugal-1040873-1024x768.jpg\" class=\"attachment-large size-large\" alt=\"\" aria-describedby=\"gallery-1-543\" srcset=\"https:\/\/www.heidi-muehlenberg.de\/wp-content\/uploads\/2017\/01\/Portugal-1040873-1024x768.jpg 1024w, https:\/\/www.heidi-muehlenberg.de\/wp-content\/uploads\/2017\/01\/Portugal-1040873-300x225.jpg 300w, https:\/\/www.heidi-muehlenberg.de\/wp-content\/uploads\/2017\/01\/Portugal-1040873-768x576.jpg 768w, https:\/\/www.heidi-muehlenberg.de\/wp-content\/uploads\/2017\/01\/Portugal-1040873-1600x1200.jpg 1600w, https:\/\/www.heidi-muehlenberg.de\/wp-content\/uploads\/2017\/01\/Portugal-1040873-720x540.jpg 720w, https:\/\/www.heidi-muehlenberg.de\/wp-content\/uploads\/2017\/01\/Portugal-1040873.jpg 2048w\" sizes=\"(max-width: 640px) 100vw, 640px\" \/><\/a>\n\t\t\t<\/dt>\n\t\t\t\t<dd class='wp-caption-text gallery-caption' id='gallery-1-543'>\n\t\t\t\tPorto, an der M\u00fcndung des Douro gelegen\n\t\t\t\t<\/dd><\/dl>\n\t\t\t<br style='clear: both' \/>\n\t\t<\/div>\n\n","protected":false},"excerpt":{"rendered":"<p>Mit diesen historischen Schiffen, den &#8222;barcos rabelos&#8220;, wurde der Portwein auf dem portugiesischen Fluss Douro von den flussaufw\u00e4rts gelegenen Weinbergen bis in die K\u00fcstenstadt Porto transportiert, wo er in den Weinkellern reifte, um sp\u00e4ter in alle Welt verschifft zu werden.<\/p>\n","protected":false},"author":1,"featured_media":533,"comment_status":"open","ping_status":"open","sticky":false,"template":"","format":"standard","meta":{"footnotes":""},"categories":[10],"tags":[72,74,73,75],"class_list":["post-539","post","type-post","status-publish","format-standard","has-post-thumbnail","hentry","category-featured","tag-douro","tag-fluss","tag-schiff","tag-wein"],"_links":{"self":[{"href":"https:\/\/www.heidi-muehlenberg.de\/index.php?rest_route=\/wp\/v2\/posts\/539"}],"collection":[{"href":"https:\/\/www.heidi-muehlenberg.de\/index.php?rest_route=\/wp\/v2\/posts"}],"about":[{"href":"https:\/\/www.heidi-muehlenberg.de\/index.php?rest_route=\/wp\/v2\/types\/post"}],"author":[{"embeddable":true,"href":"https:\/\/www.heidi-muehlenberg.de\/index.php?rest_route=\/wp\/v2\/users\/1"}],"replies":[{"embeddable":true,"href":"https:\/\/www.heidi-muehlenberg.de\/index.php?rest_route=%2Fwp%2Fv2%2Fcomments&post=539"}],"version-history":[{"count":3,"href":"https:\/\/www.heidi-muehlenberg.de\/index.php?rest_route=\/wp\/v2\/posts\/539\/revisions"}],"predecessor-version":[{"id":607,"href":"https:\/\/www.heidi-muehlenberg.de\/index.php?rest_route=\/wp\/v2\/posts\/539\/revisions\/607"}],"wp:featuredmedia":[{"embeddable":true,"href":"https:\/\/www.heidi-muehlenberg.de\/index.php?rest_route=\/wp\/v2\/media\/533"}],"wp:attachment":[{"href":"https:\/\/www.heidi-muehlenberg.de\/index.php?rest_route=%2Fwp%2Fv2%2Fmedia&parent=539"}],"wp:term":[{"taxonomy":"category","embeddable":true,"href":"https:\/\/www.heidi-muehlenberg.de\/index.php?rest_route=%2Fwp%2Fv2%2Fcategories&post=539"},{"taxonomy":"post_tag","embeddable":true,"href":"https:\/\/www.heidi-muehlenberg.de\/index.php?rest_route=%2Fwp%2Fv2%2Ftags&post=539"}],"curies":[{"name":"wp","href":"https:\/\/api.w.org\/{rel}","templated":true}]}}