{"id":507,"date":"2016-01-06T00:14:14","date_gmt":"2016-01-05T23:14:14","guid":{"rendered":"http:\/\/www.heidi-muehlenberg.de\/?p=507"},"modified":"2016-01-06T00:14:14","modified_gmt":"2016-01-05T23:14:14","slug":"die-loewenjagd-zu-leipzig-und-das-voelkerschlachtdenkmal","status":"publish","type":"post","link":"https:\/\/www.heidi-muehlenberg.de\/?p=507","title":{"rendered":"Die L\u00f6wenjagd zu Leipzig und das V\u00f6lkerschlachtdenkmal"},"content":{"rendered":"<p><strong>MDR FERNSEHEN 03. 10. 2013<\/strong><\/p>\n<p>Vor 100 Jahren, im Oktober 1913, wurde das Denkmal der V\u00f6lkerschlacht eingeweiht. Kaiser, K\u00f6nige und F\u00fcrsten waren angereist. Die Welt blickte auf Leipzig. Doch am Rand der Zeremonie soll sich ein Zwischenfall ereignet haben. Ein Rudel L\u00f6wen sei angeblich im Zentrum von Leipzig aufgetaucht und habe f\u00fcr Panik gesorgt. Anarchisten h\u00e4tten mehrere Zirkusl\u00f6wen freigelassen, um die Jubelfeier zu st\u00f6ren. So erz\u00e4hlt es eine Leipziger Legende.<\/p>\n<p>Die Idee zum \u201eL\u00f6wensturm\u201c auf die Monarchen Europas stamme von Vojciech Machulski, schreibt Erich Loest in seinem Buch \u201eV\u00f6lkerschlachtdenkmal\u201c. Doch die Aktion soll au\u00dfer Kontrolle geraten sein, als infolge eines Unfalls der Transportwagen zersplitterte und die L\u00f6wen mitten in Leipzigs Innenstadt ins Freie fl\u00fcchteten. Wahrheit oder Dichtung?<\/p>\n<p>Eine L\u00f6wenjagd gab es 1913 tats\u00e4chlich in Leipzig. Janine Strahl-Oesterreich st\u00f6bert alte Bilder in den Archiven auf. Sie zeigen wackere Polizeibeamte, die rund um den Leipziger Hauptbahnhof mit S\u00e4beln und Pistolen auf L\u00f6wenjagd gehen. Doch was hat diese L\u00f6wenjagd mit dem V\u00f6lkerschlachtdenkmal zu tun? Tats\u00e4chlich f\u00fcrchtete man bei der Einweihung des Denkmals ein Attentat auf den deutschen Kaiser, denn auch in Leipzig waren damals Anarchisten aktiv\u2026<\/p>\n","protected":false},"excerpt":{"rendered":"<p>MDR FERNSEHEN 03. 10. 2013 Vor 100 Jahren, im Oktober 1913, wurde das Denkmal der V\u00f6lkerschlacht eingeweiht. Kaiser, K\u00f6nige und F\u00fcrsten waren angereist. Die Welt blickte auf Leipzig. Doch am Rand der Zeremonie soll sich ein Zwischenfall ereignet haben. Ein Rudel L\u00f6wen sei angeblich im Zentrum von Leipzig aufgetaucht und habe f\u00fcr Panik gesorgt., <a class=\"read-more\" href=\"https:\/\/www.heidi-muehlenberg.de\/?p=507\">Read More<\/a><\/p>\n","protected":false},"author":1,"featured_media":509,"comment_status":"open","ping_status":"open","sticky":false,"template":"","format":"standard","meta":{"footnotes":""},"categories":[4,25],"tags":[66,65,16,15,67],"class_list":["post-507","post","type-post","status-publish","format-standard","has-post-thumbnail","hentry","category-fernsehen","category-mythen-und-legenden","tag-leipzig","tag-loewenjagd","tag-mythen-und-legenden","tag-raetsel","tag-voelkerschlachtdenkmal"],"_links":{"self":[{"href":"https:\/\/www.heidi-muehlenberg.de\/index.php?rest_route=\/wp\/v2\/posts\/507"}],"collection":[{"href":"https:\/\/www.heidi-muehlenberg.de\/index.php?rest_route=\/wp\/v2\/posts"}],"about":[{"href":"https:\/\/www.heidi-muehlenberg.de\/index.php?rest_route=\/wp\/v2\/types\/post"}],"author":[{"embeddable":true,"href":"https:\/\/www.heidi-muehlenberg.de\/index.php?rest_route=\/wp\/v2\/users\/1"}],"replies":[{"embeddable":true,"href":"https:\/\/www.heidi-muehlenberg.de\/index.php?rest_route=%2Fwp%2Fv2%2Fcomments&post=507"}],"version-history":[{"count":1,"href":"https:\/\/www.heidi-muehlenberg.de\/index.php?rest_route=\/wp\/v2\/posts\/507\/revisions"}],"predecessor-version":[{"id":510,"href":"https:\/\/www.heidi-muehlenberg.de\/index.php?rest_route=\/wp\/v2\/posts\/507\/revisions\/510"}],"wp:featuredmedia":[{"embeddable":true,"href":"https:\/\/www.heidi-muehlenberg.de\/index.php?rest_route=\/wp\/v2\/media\/509"}],"wp:attachment":[{"href":"https:\/\/www.heidi-muehlenberg.de\/index.php?rest_route=%2Fwp%2Fv2%2Fmedia&parent=507"}],"wp:term":[{"taxonomy":"category","embeddable":true,"href":"https:\/\/www.heidi-muehlenberg.de\/index.php?rest_route=%2Fwp%2Fv2%2Fcategories&post=507"},{"taxonomy":"post_tag","embeddable":true,"href":"https:\/\/www.heidi-muehlenberg.de\/index.php?rest_route=%2Fwp%2Fv2%2Ftags&post=507"}],"curies":[{"name":"wp","href":"https:\/\/api.w.org\/{rel}","templated":true}]}}