{"id":459,"date":"2015-03-05T21:30:47","date_gmt":"2015-03-05T20:30:47","guid":{"rendered":"http:\/\/www.heidi-muehlenberg.de\/?p=459"},"modified":"2016-01-05T21:31:04","modified_gmt":"2016-01-05T20:31:04","slug":"das-artabana-krankenkassen-modell","status":"publish","type":"post","link":"https:\/\/www.heidi-muehlenberg.de\/?p=459","title":{"rendered":"Das Artabana-Krankenkassen-Modell"},"content":{"rendered":"<p><strong>Feature MDR FIGARO 28.03.2015<br \/>\n<\/strong><\/p>\n<p>Eine Krankenkasse solidarisch, individuell und regional organisieren &#8211; geht das? Auf Gegenseitigkeit und Vertrauensbasis, ohne Staat? Ja! Gab es vor neun Jahren in Leipzig erst eine Artabana-Gruppe, sind es heute schon 13. Wer das erste Mal von &#8222;Artabana&#8220; h\u00f6rt, reagiert ungl\u00e4ubig. Ein Leben ohne richtige Krankenversicherung? Geht das? Artabana ist eine Solidargemeinschaft, gegr\u00fcndet vor drei\u00dfig Jahren in der Schweiz, in Deutschland aktiv seit 1999. Derzeit existieren 250 Gruppen mit mehr als 2.100 Mitgliedern, viele in Ostdeutschland, &#8222;wo der solidarische Gedanke noch verwurzelt ist&#8220;, sagt Felicitas Gerull von Artabana Deutschland.<\/p>\n<p>Artabanis zahlen einen frei gew\u00e4hlten Beitrag in die Solidarkasse ihrer Gruppe und schw\u00f6ren ganz altmodisch, einander im Krankheitsfall beizustehen. Die Grunds\u00e4tze sind: Solidarit\u00e4t, Eigenverantwortung und Vertrauen im Sinne des uralten Knappschaftsgedankens, der seine Wurzeln im Bergbau des Erzgebirges hat. Aber wie reagiert der Staat mit der Sozialversicherungspflicht auf diese alternative Krankenkasse? Arbeitsagenturen, die ihren Klienten den Beitrag zu dieser alternativen Krankenkasse verweigern, sind nur eine der Herausforderungen, mit denen sich die Artabanis besch\u00e4ftigen m\u00fcssen. Die Autorin Heidi M\u00fchlenberg versucht am Beispiel einer s\u00e4chsischen Gruppe herauszufinden, ob das Prinzip der Solidargemeinschaft eine tats\u00e4chliche Alternative zu den herk\u00f6mmlichen Krankenkassen ist.<\/p>\n<p>Der Name &#8222;Artabana&#8220; geht \u00fcbrigens auf die biblische Geschichte der Heiligen Drei K\u00f6nigen zur\u00fcck. Einer Legende nach soll Artaban der &#8218;Vierte Weise&#8216; gewesen sein, der sich jedoch zur Ankunft des Christkindes versp\u00e4tete. Der Grund: Er begegnete auf seinem Weg nach Bethlehem immer wieder Menschen in Not, denen er half.<\/p>\n<p>Link zur MDR Website:<\/p>\n<p>http:\/\/www.mdr.de\/mdr-figaro\/hoerspiel\/feature\/artabana100.html<\/p>\n","protected":false},"excerpt":{"rendered":"<p>Feature MDR FIGARO 28.03.2015 Eine Krankenkasse solidarisch, individuell und regional organisieren &#8211; geht das? Auf Gegenseitigkeit und Vertrauensbasis, ohne Staat? Ja! Gab es vor neun Jahren in Leipzig erst eine Artabana-Gruppe, sind es heute schon 13. Wer das erste Mal von &#8222;Artabana&#8220; h\u00f6rt, reagiert ungl\u00e4ubig. Ein Leben ohne richtige Krankenversicherung? Geht das? Artabana ist, <a class=\"read-more\" href=\"https:\/\/www.heidi-muehlenberg.de\/?p=459\">Read More<\/a><\/p>\n","protected":false},"author":1,"featured_media":460,"comment_status":"open","ping_status":"open","sticky":false,"template":"","format":"standard","meta":{"footnotes":""},"categories":[8,30],"tags":[35,29],"class_list":["post-459","post","type-post","status-publish","format-standard","has-post-thumbnail","hentry","category-aktuelles","category-radio","tag-artabana","tag-radio"],"_links":{"self":[{"href":"https:\/\/www.heidi-muehlenberg.de\/index.php?rest_route=\/wp\/v2\/posts\/459"}],"collection":[{"href":"https:\/\/www.heidi-muehlenberg.de\/index.php?rest_route=\/wp\/v2\/posts"}],"about":[{"href":"https:\/\/www.heidi-muehlenberg.de\/index.php?rest_route=\/wp\/v2\/types\/post"}],"author":[{"embeddable":true,"href":"https:\/\/www.heidi-muehlenberg.de\/index.php?rest_route=\/wp\/v2\/users\/1"}],"replies":[{"embeddable":true,"href":"https:\/\/www.heidi-muehlenberg.de\/index.php?rest_route=%2Fwp%2Fv2%2Fcomments&post=459"}],"version-history":[{"count":1,"href":"https:\/\/www.heidi-muehlenberg.de\/index.php?rest_route=\/wp\/v2\/posts\/459\/revisions"}],"predecessor-version":[{"id":461,"href":"https:\/\/www.heidi-muehlenberg.de\/index.php?rest_route=\/wp\/v2\/posts\/459\/revisions\/461"}],"wp:featuredmedia":[{"embeddable":true,"href":"https:\/\/www.heidi-muehlenberg.de\/index.php?rest_route=\/wp\/v2\/media\/460"}],"wp:attachment":[{"href":"https:\/\/www.heidi-muehlenberg.de\/index.php?rest_route=%2Fwp%2Fv2%2Fmedia&parent=459"}],"wp:term":[{"taxonomy":"category","embeddable":true,"href":"https:\/\/www.heidi-muehlenberg.de\/index.php?rest_route=%2Fwp%2Fv2%2Fcategories&post=459"},{"taxonomy":"post_tag","embeddable":true,"href":"https:\/\/www.heidi-muehlenberg.de\/index.php?rest_route=%2Fwp%2Fv2%2Ftags&post=459"}],"curies":[{"name":"wp","href":"https:\/\/api.w.org\/{rel}","templated":true}]}}