{"id":33,"date":"2013-01-02T14:20:15","date_gmt":"2013-01-02T13:20:15","guid":{"rendered":"http:\/\/www.heidi-muehlenberg.de\/?p=33"},"modified":"2016-01-05T18:49:57","modified_gmt":"2016-01-05T17:49:57","slug":"geo-reportagen","status":"publish","type":"post","link":"https:\/\/www.heidi-muehlenberg.de\/?p=33","title":{"rendered":"GEO-Reportagen"},"content":{"rendered":"<p>Mit gro\u00dfem Anspruch l\u00e4uft die GEO-Reportage 360 Grad im arte-Programm, hergestellt von Medienkontor in Berlin. F\u00fcr mich ging ein Traum in Erf\u00fcllung, als wir 1999 die erste GEO-Reportage in Puerto Rico und in Abu Dhabi drehen konnten.<!--more-->\u201eDurst nach Meer\u201c \u2013 \u00fcber die\u00a0 Zukunft der Trinkwasserversorgung aus Meerwasser. Bald darauf folgten \u201eHollywood auf dem Trockenen\u201c \u00fcber die skurrilen Ausw\u00fcchse der Wassernot in Kalifornien und \u201eDer Reis des Manitu\u201c \u00fcber die kleinste Wildreis-Fabrik der Welt, betrieben vom Indianerstamm der Ojibway in Ontario\/Kanada. Es waren unvergessene Drehtage mit meinem treuen und versierten Team von der THOMM TV Fernsehproduktion in Leipzig. Im Mai 2006 folgte die vierte GEO-Reportage \u201eDie Windreiter der Anden\u201c \u00fcber einen neuen Weltrekord-Versuch von Langstrecken-Segelflug-Weltmeister Klaus Ohlmann in den argentinischen Anden. Ein sch\u00f6ner Film, der kr\u00e4ftig an den Nerven aller Beteiligten gezerrt hatte.<\/p>\n","protected":false},"excerpt":{"rendered":"<p>Mit gro\u00dfem Anspruch l\u00e4uft die GEO-Reportage 360 Grad im arte-Programm, hergestellt von Medienkontor in Berlin. F\u00fcr mich ging ein Traum in Erf\u00fcllung, als wir 1999 die erste GEO-Reportage in Puerto Rico und in Abu Dhabi drehen konnten.<\/p>\n","protected":false},"author":1,"featured_media":333,"comment_status":"open","ping_status":"open","sticky":false,"template":"","format":"standard","meta":{"footnotes":""},"categories":[4,11],"tags":[18,20,17,19],"class_list":["post-33","post","type-post","status-publish","format-standard","has-post-thumbnail","hentry","category-fernsehen","category-geo","tag-arte","tag-fernsehen","tag-geo","tag-reportage"],"_links":{"self":[{"href":"https:\/\/www.heidi-muehlenberg.de\/index.php?rest_route=\/wp\/v2\/posts\/33"}],"collection":[{"href":"https:\/\/www.heidi-muehlenberg.de\/index.php?rest_route=\/wp\/v2\/posts"}],"about":[{"href":"https:\/\/www.heidi-muehlenberg.de\/index.php?rest_route=\/wp\/v2\/types\/post"}],"author":[{"embeddable":true,"href":"https:\/\/www.heidi-muehlenberg.de\/index.php?rest_route=\/wp\/v2\/users\/1"}],"replies":[{"embeddable":true,"href":"https:\/\/www.heidi-muehlenberg.de\/index.php?rest_route=%2Fwp%2Fv2%2Fcomments&post=33"}],"version-history":[{"count":11,"href":"https:\/\/www.heidi-muehlenberg.de\/index.php?rest_route=\/wp\/v2\/posts\/33\/revisions"}],"predecessor-version":[{"id":36,"href":"https:\/\/www.heidi-muehlenberg.de\/index.php?rest_route=\/wp\/v2\/posts\/33\/revisions\/36"}],"wp:featuredmedia":[{"embeddable":true,"href":"https:\/\/www.heidi-muehlenberg.de\/index.php?rest_route=\/wp\/v2\/media\/333"}],"wp:attachment":[{"href":"https:\/\/www.heidi-muehlenberg.de\/index.php?rest_route=%2Fwp%2Fv2%2Fmedia&parent=33"}],"wp:term":[{"taxonomy":"category","embeddable":true,"href":"https:\/\/www.heidi-muehlenberg.de\/index.php?rest_route=%2Fwp%2Fv2%2Fcategories&post=33"},{"taxonomy":"post_tag","embeddable":true,"href":"https:\/\/www.heidi-muehlenberg.de\/index.php?rest_route=%2Fwp%2Fv2%2Ftags&post=33"}],"curies":[{"name":"wp","href":"https:\/\/api.w.org\/{rel}","templated":true}]}}