{"id":272,"date":"2012-07-27T00:00:50","date_gmt":"2012-07-26T23:00:50","guid":{"rendered":"http:\/\/www.heidi-muehlenberg.de\/?p=272"},"modified":"2016-01-05T22:34:20","modified_gmt":"2016-01-05T21:34:20","slug":"europas-solarvision","status":"publish","type":"post","link":"https:\/\/www.heidi-muehlenberg.de\/?p=272","title":{"rendered":"Europas Solarvision"},"content":{"rendered":"<p>F\u00fcr dieses Feature gab es<strong> den Ernst-Schneider-Preis f\u00fcr Wirtschaftsjournalismus 2012. <\/strong>Europas Solarvision k\u00f6nnte schon bald in Afrika Wirklichkeit werden. Die Desertec-Initiative will langfristig einen Gro\u00dfteil des europ\u00e4ischen Strombedarfs mit Solarthermie-Kraftwerken aus Afrikas W\u00fcsten decken. Ein Gewinn f\u00fcr beide oder ein neuer neokolonialer Plan? Ein 60-Minuten-Radio-Feature zum Reinh\u00f6ren. Produktion: MDR-FIGARO, 16. 2. 2011<\/p>\n<p>Foto: SolarMillennium<\/p>\n","protected":false},"excerpt":{"rendered":"<p>F\u00fcr dieses Feature gab es den Ernst-Schneider-Preis f\u00fcr Wirtschaftsjournalismus 2012. Europas Solarvision k\u00f6nnte schon bald in Afrika Wirklichkeit werden. Die Desertec-Initiative will langfristig einen Gro\u00dfteil des europ\u00e4ischen Strombedarfs mit Solarthermie-Kraftwerken aus Afrikas W\u00fcsten decken. Ein Gewinn f\u00fcr beide oder ein neuer neokolonialer Plan? Ein 60-Minuten-Radio-Feature zum Reinh\u00f6ren. Produktion: MDR-FIGARO, 16. 2. 2011 Foto: SolarMillennium<\/p>\n","protected":false},"author":1,"featured_media":342,"comment_status":"open","ping_status":"open","sticky":false,"template":"","format":"standard","meta":{"footnotes":""},"categories":[30],"tags":[20,36,22],"class_list":["post-272","post","type-post","status-publish","format-standard","has-post-thumbnail","hentry","category-radio","tag-fernsehen","tag-solarmillennium","tag-solarvision"],"_links":{"self":[{"href":"https:\/\/www.heidi-muehlenberg.de\/index.php?rest_route=\/wp\/v2\/posts\/272"}],"collection":[{"href":"https:\/\/www.heidi-muehlenberg.de\/index.php?rest_route=\/wp\/v2\/posts"}],"about":[{"href":"https:\/\/www.heidi-muehlenberg.de\/index.php?rest_route=\/wp\/v2\/types\/post"}],"author":[{"embeddable":true,"href":"https:\/\/www.heidi-muehlenberg.de\/index.php?rest_route=\/wp\/v2\/users\/1"}],"replies":[{"embeddable":true,"href":"https:\/\/www.heidi-muehlenberg.de\/index.php?rest_route=%2Fwp%2Fv2%2Fcomments&post=272"}],"version-history":[{"count":8,"href":"https:\/\/www.heidi-muehlenberg.de\/index.php?rest_route=\/wp\/v2\/posts\/272\/revisions"}],"predecessor-version":[{"id":464,"href":"https:\/\/www.heidi-muehlenberg.de\/index.php?rest_route=\/wp\/v2\/posts\/272\/revisions\/464"}],"wp:featuredmedia":[{"embeddable":true,"href":"https:\/\/www.heidi-muehlenberg.de\/index.php?rest_route=\/wp\/v2\/media\/342"}],"wp:attachment":[{"href":"https:\/\/www.heidi-muehlenberg.de\/index.php?rest_route=%2Fwp%2Fv2%2Fmedia&parent=272"}],"wp:term":[{"taxonomy":"category","embeddable":true,"href":"https:\/\/www.heidi-muehlenberg.de\/index.php?rest_route=%2Fwp%2Fv2%2Fcategories&post=272"},{"taxonomy":"post_tag","embeddable":true,"href":"https:\/\/www.heidi-muehlenberg.de\/index.php?rest_route=%2Fwp%2Fv2%2Ftags&post=272"}],"curies":[{"name":"wp","href":"https:\/\/api.w.org\/{rel}","templated":true}]}}