{"id":184,"date":"2012-08-29T00:00:58","date_gmt":"2012-08-28T23:00:58","guid":{"rendered":"http:\/\/www.heidi-muehlenberg.de\/?p=184"},"modified":"2016-01-05T20:46:17","modified_gmt":"2016-01-05T19:46:17","slug":"wir-sind-die-sonne-horfunk-feature","status":"publish","type":"post","link":"https:\/\/www.heidi-muehlenberg.de\/?p=184","title":{"rendered":"Europas Solar-Vision in Afrika"},"content":{"rendered":"<p><strong>Europas Solar-Vision in Afrika &#8211; Das Desertec-Projekt in der afrikanischen W\u00fcste <\/strong><\/p>\n<p>Ein H\u00f6rfunk-Feature von Heidi M\u00fchlenberg<\/p>\n<p style=\"text-align: center;\">\n<p><em>Am 16. Februar 2011 sendeten MDR-Kulturradio FIGARO und das Kulturradio vom rbb das 60-Minuten-Feature.\u00a0 Inzwischen gabs daf\u00fcr den Ernst-Schneider-Preis f\u00fcr Wirtschaftsjournalismus 2012. <\/em><\/p>\n<p>Sie ist die m\u00e4chtigste der irdischen M\u00e4chte und der himmlischen sowieso, die Sonne.<br \/>\nDie Azteken brachten ihrem Sonnengott Menschenopfer dar. Die \u00c4gypter beteten Re an.<br \/>\nDie alten Griechen besangen Helios, der alles Irdische bescheint. Tag f\u00fcr Tag produziert die Sonne unglaubliche 386 Trillionen Megawatt Energie &#8211;  und das schon seit \u00fcber vier Milliarden Jahren. Und es spricht viel daf\u00fcr, dass sie das auch in den n\u00e4chsten vier Milliarden Jahren tut. Da sollte es eigentlich ein Leichtes sein, die paar hundert Gigawatt mit Solarstrom zu decken, die Europa heute an Strom verbraucht. Doch weit gefehlt, der Solar-Anteil ist verschwindend gering. Das ehrgeizige Desertec-Projekt will das \u00e4ndern \u2013 und zwar in rekordverd\u00e4chtiger Zeit. Zw\u00f6lf gro\u00dfe Europ\u00e4ische Konzerne und Geldh\u00e4user wollen 400 Milliarden Euro investieren und binnen vierzig Jahren etwa eintausend solarthermische Kraftwerke in Afrikas W\u00fcsten wuchten, die \u00fcber Fernstromleitungen rund ein Sechstel des Europ\u00e4ischen Strombedarfs decken k\u00f6nnen \u2013 emissionsfrei und klimaneutral. Es ist das weltweit ehrgeizigste Projekt zur F\u00f6rderung der \u00d6ko-Energie. Bis 2012 sollen Vertr\u00e4ge und Baupl\u00e4ne stehen, schon 2015 die ersten Solarkraftwerke.<br \/>\nRein technisch betrachtet &#8211; so meinen Experten \u2013 ist Desertec eine gigantische Herausforderung, aber durchaus realisierbar. Neuartige Gleichspannungskabel verfrachten schon heute Elektroenergie nahezu verlustfrei \u00fcber tausende Kilometer. Und im spanischen Almeria beweist das erste gro\u00dfe solarthermische Kraftwerk: Die Technik ist ausgereift und auch finanzierbar. In China und in den USA entstehen ebenfalls neue.<\/p>\n<p>Die wirklichen Stolpersteine sind geostrategischer Natur. Kritiker beklagen den Eurozentristischen Ansatz des Projekts. Nordafrikas W\u00fcsten sind eben keine menschen- und herrenlosen \u00d6dgebiete, die auf fremde Nutzer warten. Es gibt Eigentums-, Transit- und Nutzungsrechte, die auf faire Weise ber\u00fccksichtigt und ausgehandelt werden m\u00fcssen, sonst endet das Projekt als Fata Morgana oder schlimmer noch als Quelle neuer Konflikte und Stammesfehden. Nomaden und W\u00fcstens\u00f6hne verehren das Sandmeer der Sahara als heimische Wildnis. Wird Desertec darauf R\u00fccksicht nehmen und f\u00fcr Ausgleich sorgen? Die Desertec-Vision\u00e4re versprechen zwei Millionen Arbeitspl\u00e4tze in den nordafrikanischen Standortl\u00e4ndern Libyen, Algerien, Jordanien, \u00c4gypten, Tunesien und Marokko und den Aufbau einer heimischen Solarkollektor-Industrie. Au\u00dferdem k\u00f6nnte der Strombedarf dieser L\u00e4nder gleich mit gedeckt werden und zus\u00e4tzliche Meerwasserentsalzungsanlagen auch noch die Wasserknappheit entsch\u00e4rfen \u2013 all das mit Frieden stiftender Wirkung in der Region.<\/p>\n<p>Doch Entwicklungshelfer stellen gro\u00dfe Fragen: Warum sollte Strom in teuren Leitungen aus Afrika Richtung Norden ins komplett elektrifizierte Europa flie\u00dfen? Warum nicht nach S\u00fcden, wo doch in L\u00e4ndern wie Uganda oder Kongo gerade f\u00fcnf Prozent der Bev\u00f6lkerung Strom haben? Ist es nicht die Wiederholung eines postkolonialen Alptraums: Der Norden sucht seine Rohstoffe im S\u00fcden, beutet sie aus, der Rest ist wurscht? Nur die entschlossene Elektrifizierung des gesamten afrikanischen Kontinents w\u00fcrde wirklich dauerhaft Millionen Arbeitspl\u00e4tze schaffen und die Migration eind\u00e4mmen. Nichts w\u00e4re f\u00fcrs Weltklima gewonnen \u2013 argumentieren die Kritiker &#8211; wenn klimafreundlicher Strom nach Norden flie\u00dft, Afrikas wachsender Stromhunger aber weiter s\u00fcdlich mit Kohle gestillt wird.<\/p>\n<p>Wie denkt die \u00d6ffentlichkeit in den betroffenen afrikanischen L\u00e4ndern? Gerade in Marokko entwickelt sich als zartes Pfl\u00e4nzchen eine heimische Windkraftsparte. Wird Desertec als eine Konkurrenz oder Bedrohung empfunden? Ebenso plant \u00c4gypten eigene Solarkraftwerke und bildet die zweite Generation Solar-Ingenieure an einem ehrgeizigen Lehrstuhl der Kairoer Universit\u00e4t aus. Kann Desertec neben Sonne und Strom auch Gerechtigkeit bringen?<\/p>\n<p><a href=\"http:\/\/www.heidi-muehlenberg.de\/wp-content\/uploads\/2012\/08\/1210_SCH_0075.jpg\" rel=\"attachment wp-att-430\" rel=\"lightbox[184]\"><img loading=\"lazy\" decoding=\"async\" width=\"1024\" height=\"631\" src=\"http:\/\/www.heidi-muehlenberg.de\/wp-content\/uploads\/2012\/08\/1210_SCH_0075-1024x631.jpg\" alt=\"Verleihung des Ernst-Schneider-Preises in Berlin\" class=\"aligncenter size-large wp-image-430\" srcset=\"https:\/\/www.heidi-muehlenberg.de\/wp-content\/uploads\/2012\/08\/1210_SCH_0075-1024x631.jpg 1024w, https:\/\/www.heidi-muehlenberg.de\/wp-content\/uploads\/2012\/08\/1210_SCH_0075-300x185.jpg 300w, https:\/\/www.heidi-muehlenberg.de\/wp-content\/uploads\/2012\/08\/1210_SCH_0075-768x473.jpg 768w, https:\/\/www.heidi-muehlenberg.de\/wp-content\/uploads\/2012\/08\/1210_SCH_0075-1800x1108.jpg 1800w, https:\/\/www.heidi-muehlenberg.de\/wp-content\/uploads\/2012\/08\/1210_SCH_0075-720x443.jpg 720w, https:\/\/www.heidi-muehlenberg.de\/wp-content\/uploads\/2012\/08\/1210_SCH_0075.jpg 2048w\" sizes=\"(max-width: 1024px) 100vw, 1024px\" \/><\/a><\/p>\n","protected":false},"excerpt":{"rendered":"<p>Europas Solar-Vision in Afrika &#8211; Das Desertec-Projekt in der afrikanischen W\u00fcste Ein H\u00f6rfunk-Feature von Heidi M\u00fchlenberg Am 16. Februar 2011 sendeten MDR-Kulturradio FIGARO und das Kulturradio vom rbb das 60-Minuten-Feature.\u00a0 Inzwischen gabs daf\u00fcr den Ernst-Schneider-Preis f\u00fcr Wirtschaftsjournalismus 2012. Sie ist die m\u00e4chtigste der irdischen M\u00e4chte und der himmlischen sowieso, die Sonne. Die Azteken brachten, <a class=\"read-more\" href=\"https:\/\/www.heidi-muehlenberg.de\/?p=184\">Read More<\/a><\/p>\n","protected":false},"author":1,"featured_media":342,"comment_status":"open","ping_status":"open","sticky":false,"template":"","format":"standard","meta":{"footnotes":""},"categories":[8],"tags":[28,29,22],"class_list":["post-184","post","type-post","status-publish","format-standard","has-post-thumbnail","hentry","category-aktuelles","tag-ernst-schneider-preis","tag-radio","tag-solarvision"],"_links":{"self":[{"href":"https:\/\/www.heidi-muehlenberg.de\/index.php?rest_route=\/wp\/v2\/posts\/184"}],"collection":[{"href":"https:\/\/www.heidi-muehlenberg.de\/index.php?rest_route=\/wp\/v2\/posts"}],"about":[{"href":"https:\/\/www.heidi-muehlenberg.de\/index.php?rest_route=\/wp\/v2\/types\/post"}],"author":[{"embeddable":true,"href":"https:\/\/www.heidi-muehlenberg.de\/index.php?rest_route=\/wp\/v2\/users\/1"}],"replies":[{"embeddable":true,"href":"https:\/\/www.heidi-muehlenberg.de\/index.php?rest_route=%2Fwp%2Fv2%2Fcomments&post=184"}],"version-history":[{"count":11,"href":"https:\/\/www.heidi-muehlenberg.de\/index.php?rest_route=\/wp\/v2\/posts\/184\/revisions"}],"predecessor-version":[{"id":432,"href":"https:\/\/www.heidi-muehlenberg.de\/index.php?rest_route=\/wp\/v2\/posts\/184\/revisions\/432"}],"wp:featuredmedia":[{"embeddable":true,"href":"https:\/\/www.heidi-muehlenberg.de\/index.php?rest_route=\/wp\/v2\/media\/342"}],"wp:attachment":[{"href":"https:\/\/www.heidi-muehlenberg.de\/index.php?rest_route=%2Fwp%2Fv2%2Fmedia&parent=184"}],"wp:term":[{"taxonomy":"category","embeddable":true,"href":"https:\/\/www.heidi-muehlenberg.de\/index.php?rest_route=%2Fwp%2Fv2%2Fcategories&post=184"},{"taxonomy":"post_tag","embeddable":true,"href":"https:\/\/www.heidi-muehlenberg.de\/index.php?rest_route=%2Fwp%2Fv2%2Ftags&post=184"}],"curies":[{"name":"wp","href":"https:\/\/api.w.org\/{rel}","templated":true}]}}